{"id":7939,"date":"2023-04-09T09:04:25","date_gmt":"2023-04-09T09:04:25","guid":{"rendered":"https:\/\/gf-sle.de\/?p=7939"},"modified":"2023-04-14T14:40:18","modified_gmt":"2023-04-14T14:40:18","slug":"10-jahre-geschichtsforum-schleiden-e-v","status":"publish","type":"post","link":"https:\/\/gf-sle.de\/?p=7939","title":{"rendered":"10 Jahre Geschichtsforum Schleiden e.V."},"content":{"rendered":"<p>Das Geschichtsforum Schleiden kann auf erfolgreiche 10 Jahre zur\u00fcckblicken.<!--more--><\/p>\n<p>\u201eEs gibt im Schleidener Stadtgebiet ganz viele Menschen, die an der Geschichte unserer Orte und des Tales interessiert sind und viel wissen.\u201c Diese Erkenntnis ergab sich aus der folgenreichen Zusammenarbeit von Klaus St\u00fcber&nbsp; mit dem inzwischen verstorbenen Gem\u00fcnder Ortschronisten Rudolf Gehrke beim Projekt \u201eInfo-Tafeln f\u00fcr das historische Gem\u00fcnd\u201c.<br \/>\nDaraus ergab sich eine Idee, die in der Gr\u00fcndung eines Geschichtsvereins m\u00fcndete. Nach intensiver \u201ePersonensammlung\u201c und einigen Vorbesprechungen Ende 2012 war es am 9. April 2013 soweit: Die Gr\u00fcndungsversammlung fand im Gem\u00fcnder Kurhaus mit folgenden zehn Personen aus dem Stadtgebiet statt: Alfred Wolter aus Dreiborn, Dirk K\u00fcsters aus Wolfgarten, Uwe Schr\u00f6der aus Morsbach, Norbert Stoffers aus Gem\u00fcnd, Erwin Esch (\u2020) aus Gem\u00fcnd, Alfred K\u00e4\u00dfbach aus Olef, Herbert Wollgarten aus Morsbach, Siegfried Scholzen aus Scheuren, Frank G\u00fcth aus Olef, F.A. Heinen aus Schleiden und Klaus St\u00fcber aus Gem\u00fcnd.<br \/>\nRudolf Gehrke starb schon Anfang Februar 2013, doch sein riesiger Nachlass floss in den Bestand des \u201eGeschichtsforum Schleiden\u201c ein, sodass seine Arbeiten \u2013 wie inzwischen zahlreiche andere Nachl\u00e4sse auch \u2013 der Nachwelt erhalten bleiben.<br \/>\nDie beginnende, hobbym\u00e4\u00dfige Arbeit fiel auf sehr fruchtbaren Boden. \u00dcber Schleiden mit seinen Ortschaften, Vogelsang und die Nordeifel gab und gibt es immer noch viel zu recherchieren, aufzuarbeiten und den interessierten Lesern zu vermitteln. Im Laufe der zehn Jahre entstanden immer dicker und inhaltlich umfangreicher werdenden Jahreshefte mit den unterschiedlichsten Beitr\u00e4gen. Immer wieder f\u00fchrten interessante Fahrten zu wichtigen geschichtlichen Ausstellungen und F\u00fchrungen, ob in Kommern, K\u00f6ln, Trier oder Hellenthal. Bis heute finden regelm\u00e4\u00dfige, gut besuchte Vortr\u00e4ge statt.<br \/>\nIm Sommer 2013 entwickelte Gesch\u00e4ftsf\u00fchrer Siegfried Scholzen f\u00fcr den Verein die Internetseite \u201eGeschichtsforum Schleiden e.V.\u201c, welche in gro\u00dfem Umfang das Wirken des Geschichtsforums darstellt. Von den derzeit 50 Mitgliedern haben einige im Laufe der Jahre Texte in gr\u00f6\u00dferem Umfang, sprich Brosch\u00fcren oder B\u00fccher verfasst, die auf der Internetseite vom Geschichtsforum Schleiden einzusehen und zu bestellen sind.<br \/>\nVor Jahren kam Siegfried Scholzen auf den Gedanken, Sch\u00fcler f\u00fcr die Regionalgeschichte zu interessieren. Die Sch\u00fcler der weiterf\u00fchrenden Schulen wurden animiert, sich mit dem Alltagsleben ihrer Vorfahren zu besch\u00e4ftigen und die Ergebnisse thematisch anschaulich zu gestalten. Oft wurden sie bei ihren Vorhaben von Lehrpersonen, Eltern und Gro\u00dfeltern unterst\u00fctzt. Mit gro\u00dfem Erstaunen \u00fcber die qualitativ guten Beitr\u00e4ge stand jedes Jahr eine Jury vor der schwierige Aufgabe der Bewertung der Arbeiten, die mit einem Geldbetrag und einer offiziellen Ehrung&nbsp; der jungen Forscher gew\u00fcrdigt wurden.<br \/>\nBesonders erfreulich war die Ehrung mit dem \u201eGeschichtspreis der Region Aachen\u201c f\u00fcr Franz Albert Heinen und Norbert Toporowsky f\u00fcr ihre Ver\u00f6ffentlichungen, die sie im Rahmen des Geschichtsforums herausgaben.<br \/>\nVielleicht finden sich weiterhin Interessierte, die bereit sind, Texte und Bilder zusammenzutragen und das Geschichtsforum weiterzuentwickeln, zum allgemeinen Interesse und zu Aha-Erlebnissen vieler Mitmenschen im Schleidener Raum. &nbsp;<\/p>\n<div id=\"attachment_7941\" style=\"width: 610px\" class=\"wp-caption aligncenter\"><a href=\"https:\/\/gf-sle.de\/wp-content\/uploads\/2023\/04\/Gruendungsmitglieder-nach-der-Gruendung-Foto-FA-Heinen.jpg\"><img loading=\"lazy\" decoding=\"async\" aria-describedby=\"caption-attachment-7941\" class=\"wp-image-7941\" src=\"https:\/\/gf-sle.de\/wp-content\/uploads\/2023\/04\/Gruendungsmitglieder-nach-der-Gruendung-Foto-FA-Heinen.jpg\" alt=\"\" width=\"600\" height=\"902\" srcset=\"https:\/\/gf-sle.de\/wp-content\/uploads\/2023\/04\/Gruendungsmitglieder-nach-der-Gruendung-Foto-FA-Heinen.jpg 457w, https:\/\/gf-sle.de\/wp-content\/uploads\/2023\/04\/Gruendungsmitglieder-nach-der-Gruendung-Foto-FA-Heinen-200x300.jpg 200w\" sizes=\"auto, (max-width: 600px) 100vw, 600px\" \/><\/a><p id=\"caption-attachment-7941\" class=\"wp-caption-text\">Nach der Gr\u00fcndung fotografierte Gr\u00fcndungsmitglied F.A. Heinen die Pioniere des Geschichtsforums Schleiden. Jeweils von links: hintere Reihe Dirk K\u00fcsters, Norbert Stoffers, Alfred K\u00e4\u00dfbach, Herbert Wollgarten, Frank G\u00fcth (halb verdeckt), Uwe Schr\u00f6der. In der Mitte: Siegfried Scholzen, Klaus St\u00fcber, Alfred Wolter, Erwin Esch. &nbsp;<\/p><\/div>\n","protected":false},"excerpt":{"rendered":"<p>Das Geschichtsforum Schleiden kann auf erfolgreiche 10 Jahre zur\u00fcckblicken.<\/p>\n","protected":false},"author":1,"featured_media":0,"comment_status":"closed","ping_status":"closed","sticky":false,"template":"","format":"standard","meta":{"ngg_post_thumbnail":0,"footnotes":""},"categories":[16,1],"tags":[],"class_list":["post-7939","post","type-post","status-publish","format-standard","hentry","category-fuermitglieder","category-sonstiges"],"_links":{"self":[{"href":"https:\/\/gf-sle.de\/index.php?rest_route=\/wp\/v2\/posts\/7939","targetHints":{"allow":["GET"]}}],"collection":[{"href":"https:\/\/gf-sle.de\/index.php?rest_route=\/wp\/v2\/posts"}],"about":[{"href":"https:\/\/gf-sle.de\/index.php?rest_route=\/wp\/v2\/types\/post"}],"author":[{"embeddable":true,"href":"https:\/\/gf-sle.de\/index.php?rest_route=\/wp\/v2\/users\/1"}],"replies":[{"embeddable":true,"href":"https:\/\/gf-sle.de\/index.php?rest_route=%2Fwp%2Fv2%2Fcomments&post=7939"}],"version-history":[{"count":12,"href":"https:\/\/gf-sle.de\/index.php?rest_route=\/wp\/v2\/posts\/7939\/revisions"}],"predecessor-version":[{"id":7962,"href":"https:\/\/gf-sle.de\/index.php?rest_route=\/wp\/v2\/posts\/7939\/revisions\/7962"}],"wp:attachment":[{"href":"https:\/\/gf-sle.de\/index.php?rest_route=%2Fwp%2Fv2%2Fmedia&parent=7939"}],"wp:term":[{"taxonomy":"category","embeddable":true,"href":"https:\/\/gf-sle.de\/index.php?rest_route=%2Fwp%2Fv2%2Fcategories&post=7939"},{"taxonomy":"post_tag","embeddable":true,"href":"https:\/\/gf-sle.de\/index.php?rest_route=%2Fwp%2Fv2%2Ftags&post=7939"}],"curies":[{"name":"wp","href":"https:\/\/api.w.org\/{rel}","templated":true}]}}