{"id":7963,"date":"2023-04-13T09:06:49","date_gmt":"2023-04-13T09:06:49","guid":{"rendered":"https:\/\/gf-sle.de\/?p=7963"},"modified":"2023-04-16T09:31:08","modified_gmt":"2023-04-16T09:31:08","slug":"karl-vermoehlen-die-st-stephanus-kirche-in-sistig","status":"publish","type":"post","link":"https:\/\/gf-sle.de\/?p=7963","title":{"rendered":"Karl Verm\u00f6hlen: Die St. Stephanus Kirche in Sistig"},"content":{"rendered":"<p>Nach fast dreij\u00e4hriger Pause organisierte das &nbsp;Geschichtsforum den <a href=\"https:\/\/gf-sle.de\/?p=7818\">Vortrag mit Karl Verm\u00f6hlen<\/a> \u00fcber die eindrucksvolle Sistiger Kirche. <!--more--><br \/>\nWenn die Zuh\u00f6rer zum Ende eines Vortags verwundert auf die Uhr schauen, dass es schon so sp\u00e4t ist, dann muss dieser hoch interessant gewesen sein. Und das kann man mit Fug und Recht \u00fcber die Vorstellung der Kirche St. Stephanus in Sistig durch Ortsvorsteher Karl Verm\u00f6hlen sagen.<\/p>\n<div id=\"attachment_7966\" style=\"width: 108px\" class=\"wp-caption alignright\"><a href=\"https:\/\/gf-sle.de\/wp-content\/uploads\/2023\/04\/Karl-Vermoehlen.jpg\"><img loading=\"lazy\" decoding=\"async\" aria-describedby=\"caption-attachment-7966\" class=\"wp-image-7966 size-full\" src=\"https:\/\/gf-sle.de\/wp-content\/uploads\/2023\/04\/Karl-Vermoehlen.jpg\" alt=\"\" width=\"98\" height=\"121\"><\/a><p id=\"caption-attachment-7966\" class=\"wp-caption-text\"><span style=\"font-size: 8pt;\">Karl Verm\u00f6hlen<\/span><\/p><\/div>\n<p>Es erwies sich als sehr gut, die Veranstaltung vor Ort durchzuf\u00fchren, weil so die beeindruckende Raumwirkung der Werke von Ernst Jansen-Winkeln wesentlich besser vermittelt werden konnte. Denn die Kirche ist gepr\u00e4gt von den Werken des genannten K\u00fcnstlers, angefangen von den drei Glasfenstern im Chor \u00fcber die Kreuzwegstationen (Holzschnittdrucke) und die Holztabernakel bis zu den bekannten Wand- und Deckengem\u00e4lden. Die Entwicklung des Malers und seiner Gem\u00e4lde von der Kriegszeit bis 1941 bis zur Nachkriegszeit (1945 \u2013 1948) zeigte Karl Verm\u00f6hlen an vielen Beispielen in Chor, Mittelschiff und den beiden Seitenschiffen auf, wobei er auch auf die Verbindung des K\u00fcnstlers zu den jeweiligen zeitgeschichtlichen Str\u00f6mungen hinwies.<\/p>\n<p>Wenn man die Werke in der Kirche selbst gesehen hat -. dazu noch mit einem so kundigen F\u00fchrer -, k\u00f6nnen Text und Bilder des lesenswerten Kirchenf\u00fchrers der Pfarrei das Erlebte noch vertiefen, einschlie\u00dflich der besonderen Rolle von Pfarrer Berens, ohne den Ernst Jansen-Winkeln wohl nicht in Sistig t\u00e4tig gewesen w\u00e4re. Dar\u00fcber hinaus schilderte Karl Verm\u00f6hlen auch die Arbeitsbedingungen des Malers, vor allem in der Nachkriegszeit. Von M\u00f6nchengladbach montags um 6 Uhr morgens mit mehreren Umstiegen mit dem Zug bis Kall, von dort zu Fu\u00df nach Sistig, um sommers wie winters in der ungeheizten und lange Zeit fensterlosen Kirche hoch oben unter der Decke auf einem Ger\u00fcst liegend an seinen Gem\u00e4lden zu arbeiten \u2013 bei dieser Schilderung wuchs die Hochachtung der Zuh\u00f6rer \u00fcber die Werke des K\u00fcnstlers noch einmal.<br \/>\n<a href=\"https:\/\/gf-sle.de\/wp-content\/uploads\/2023\/04\/Kirche-Sistig-03_DSC03107-scaled.jpg\"><img loading=\"lazy\" decoding=\"async\" class=\"alignleft wp-image-7964\" src=\"https:\/\/gf-sle.de\/wp-content\/uploads\/2023\/04\/Kirche-Sistig-03_DSC03107-300x192.jpg\" alt=\"\" width=\"313\" height=\"200\" srcset=\"https:\/\/gf-sle.de\/wp-content\/uploads\/2023\/04\/Kirche-Sistig-03_DSC03107-300x192.jpg 300w, https:\/\/gf-sle.de\/wp-content\/uploads\/2023\/04\/Kirche-Sistig-03_DSC03107-1024x655.jpg 1024w, https:\/\/gf-sle.de\/wp-content\/uploads\/2023\/04\/Kirche-Sistig-03_DSC03107-768x491.jpg 768w, https:\/\/gf-sle.de\/wp-content\/uploads\/2023\/04\/Kirche-Sistig-03_DSC03107-1536x982.jpg 1536w, https:\/\/gf-sle.de\/wp-content\/uploads\/2023\/04\/Kirche-Sistig-03_DSC03107-2048x1309.jpg 2048w\" sizes=\"auto, (max-width: 313px) 100vw, 313px\" \/><\/a> <a href=\"https:\/\/gf-sle.de\/wp-content\/uploads\/2023\/04\/Kirche-Sistig-03_DSC03113-scaled.jpg\"><img loading=\"lazy\" decoding=\"async\" class=\"alignnone wp-image-7965\" src=\"https:\/\/gf-sle.de\/wp-content\/uploads\/2023\/04\/Kirche-Sistig-03_DSC03113-300x203.jpg\" alt=\"\" width=\"295\" height=\"200\" srcset=\"https:\/\/gf-sle.de\/wp-content\/uploads\/2023\/04\/Kirche-Sistig-03_DSC03113-300x203.jpg 300w, https:\/\/gf-sle.de\/wp-content\/uploads\/2023\/04\/Kirche-Sistig-03_DSC03113-1024x695.jpg 1024w, https:\/\/gf-sle.de\/wp-content\/uploads\/2023\/04\/Kirche-Sistig-03_DSC03113-768x521.jpg 768w, https:\/\/gf-sle.de\/wp-content\/uploads\/2023\/04\/Kirche-Sistig-03_DSC03113-1536x1042.jpg 1536w, https:\/\/gf-sle.de\/wp-content\/uploads\/2023\/04\/Kirche-Sistig-03_DSC03113-2048x1389.jpg 2048w\" sizes=\"auto, (max-width: 295px) 100vw, 295px\" \/><\/a><\/p>\n","protected":false},"excerpt":{"rendered":"<p>Nach fast dreij\u00e4hriger Pause organisierte das &nbsp;Geschichtsforum den Vortrag mit Karl Verm\u00f6hlen \u00fcber die eindrucksvolle Sistiger Kirche.<\/p>\n","protected":false},"author":1,"featured_media":0,"comment_status":"closed","ping_status":"closed","sticky":false,"template":"","format":"standard","meta":{"ngg_post_thumbnail":0,"footnotes":""},"categories":[86,87],"tags":[],"class_list":["post-7963","post","type-post","status-publish","format-standard","hentry","category-exkursionen","category-vortraege-und-veranstaltungen"],"_links":{"self":[{"href":"https:\/\/gf-sle.de\/index.php?rest_route=\/wp\/v2\/posts\/7963","targetHints":{"allow":["GET"]}}],"collection":[{"href":"https:\/\/gf-sle.de\/index.php?rest_route=\/wp\/v2\/posts"}],"about":[{"href":"https:\/\/gf-sle.de\/index.php?rest_route=\/wp\/v2\/types\/post"}],"author":[{"embeddable":true,"href":"https:\/\/gf-sle.de\/index.php?rest_route=\/wp\/v2\/users\/1"}],"replies":[{"embeddable":true,"href":"https:\/\/gf-sle.de\/index.php?rest_route=%2Fwp%2Fv2%2Fcomments&post=7963"}],"version-history":[{"count":7,"href":"https:\/\/gf-sle.de\/index.php?rest_route=\/wp\/v2\/posts\/7963\/revisions"}],"predecessor-version":[{"id":7974,"href":"https:\/\/gf-sle.de\/index.php?rest_route=\/wp\/v2\/posts\/7963\/revisions\/7974"}],"wp:attachment":[{"href":"https:\/\/gf-sle.de\/index.php?rest_route=%2Fwp%2Fv2%2Fmedia&parent=7963"}],"wp:term":[{"taxonomy":"category","embeddable":true,"href":"https:\/\/gf-sle.de\/index.php?rest_route=%2Fwp%2Fv2%2Fcategories&post=7963"},{"taxonomy":"post_tag","embeddable":true,"href":"https:\/\/gf-sle.de\/index.php?rest_route=%2Fwp%2Fv2%2Ftags&post=7963"}],"curies":[{"name":"wp","href":"https:\/\/api.w.org\/{rel}","templated":true}]}}