{"id":8882,"date":"2025-02-18T11:52:47","date_gmt":"2025-02-18T11:52:47","guid":{"rendered":"https:\/\/gf-sle.de\/?p=8882"},"modified":"2025-05-09T14:52:06","modified_gmt":"2025-05-09T14:52:06","slug":"helmut-j-kirfel-ist-verstorben","status":"publish","type":"post","link":"https:\/\/gf-sle.de\/?p=8882","title":{"rendered":"Helmut J. Kirfel ist verstorben"},"content":{"rendered":"<p>Das Geschichtsforum Schleiden trauert mit seiner Familie um unser Vereinsmitglied Helmut Kirfel, der am 6. Februar im Alter von 73 Jahren verstorben ist. <!--more--> Er war ein ausgewiesener Fachmann der Geschichte Steinfelds. Kritisch hinterfragte er so manche Legende aus der Historie von Kloster und Pfarrkirche. Als \u201eGem\u00fcnder Junge\u201c interessierte ihn nat\u00fcrlich vor allem die Beziehung Steinfelds in den Schleidener Raum.<\/p>\n<div id=\"attachment_8883\" style=\"width: 180px\" class=\"wp-caption alignright\"><a href=\"https:\/\/gf-sle.de\/wp-content\/uploads\/2025\/02\/Foto-Helmut-Kirfel.jpg\"><img loading=\"lazy\" decoding=\"async\" aria-describedby=\"caption-attachment-8883\" class=\"wp-image-8883\" src=\"https:\/\/gf-sle.de\/wp-content\/uploads\/2025\/02\/Foto-Helmut-Kirfel-217x300.jpg\" alt=\"\" width=\"170\" height=\"235\" srcset=\"https:\/\/gf-sle.de\/wp-content\/uploads\/2025\/02\/Foto-Helmut-Kirfel-217x300.jpg 217w, https:\/\/gf-sle.de\/wp-content\/uploads\/2025\/02\/Foto-Helmut-Kirfel-740x1024.jpg 740w, https:\/\/gf-sle.de\/wp-content\/uploads\/2025\/02\/Foto-Helmut-Kirfel-768x1063.jpg 768w, https:\/\/gf-sle.de\/wp-content\/uploads\/2025\/02\/Foto-Helmut-Kirfel-1110x1536.jpg 1110w, https:\/\/gf-sle.de\/wp-content\/uploads\/2025\/02\/Foto-Helmut-Kirfel-1480x2048.jpg 1480w, https:\/\/gf-sle.de\/wp-content\/uploads\/2025\/02\/Foto-Helmut-Kirfel.jpg 1721w\" sizes=\"auto, (max-width: 170px) 100vw, 170px\" \/><\/a><p id=\"caption-attachment-8883\" class=\"wp-caption-text\"><span style=\"font-size: 8pt;\">Helmut J. Kirfel<\/span><\/p><\/div>\n<p>Die engen, keineswegs immer unkomplizierten Kontakte zwischen Steinfeld und Schleiden vom fr\u00fchen Mittelalter bis in die Neuzeit geh\u00f6rten zu Helmuts Kernthemen.<br \/>\nBereits vor Jahren hatte er mit einem Vortrag \u00fcber <a href=\"https:\/\/gf-sle.de\/?p=3407\">Servatius Hirt (1499-1569)<\/a> ein herausragendes Beispiel dieser Verbindungen beleuchtet. Seine Beitr\u00e4ge bei unseren monatlichen Treffen, vor allem nat\u00fcrlich die anspruchsvollen Artikel in unseren Jahresheften dokumentierten seine Kenntnisse und Intentionen. Noch vor wenigen Tagen hatte er einen Artikel zur S\u00e4kularisation des Steinfelder Klosters fertiggestellt. Weiter Beitr\u00e4ge waren in Arbeit.<br \/>\nHelmut Kirfels pl\u00f6tzlicher Tod hinterl\u00e4sst eine nur schwer zu schlie\u00dfende L\u00fccke in unserem Verein.<\/p>\n","protected":false},"excerpt":{"rendered":"<p>Das Geschichtsforum Schleiden trauert mit seiner Familie um unser Vereinsmitglied Helmut Kirfel, der am 6. Februar im Alter von 73 Jahren verstorben ist.<\/p>\n","protected":false},"author":1,"featured_media":0,"comment_status":"closed","ping_status":"closed","sticky":false,"template":"","format":"standard","meta":{"ngg_post_thumbnail":0,"footnotes":""},"categories":[16,1],"tags":[],"class_list":["post-8882","post","type-post","status-publish","format-standard","hentry","category-fuermitglieder","category-sonstiges"],"_links":{"self":[{"href":"https:\/\/gf-sle.de\/index.php?rest_route=\/wp\/v2\/posts\/8882","targetHints":{"allow":["GET"]}}],"collection":[{"href":"https:\/\/gf-sle.de\/index.php?rest_route=\/wp\/v2\/posts"}],"about":[{"href":"https:\/\/gf-sle.de\/index.php?rest_route=\/wp\/v2\/types\/post"}],"author":[{"embeddable":true,"href":"https:\/\/gf-sle.de\/index.php?rest_route=\/wp\/v2\/users\/1"}],"replies":[{"embeddable":true,"href":"https:\/\/gf-sle.de\/index.php?rest_route=%2Fwp%2Fv2%2Fcomments&post=8882"}],"version-history":[{"count":4,"href":"https:\/\/gf-sle.de\/index.php?rest_route=\/wp\/v2\/posts\/8882\/revisions"}],"predecessor-version":[{"id":8887,"href":"https:\/\/gf-sle.de\/index.php?rest_route=\/wp\/v2\/posts\/8882\/revisions\/8887"}],"wp:attachment":[{"href":"https:\/\/gf-sle.de\/index.php?rest_route=%2Fwp%2Fv2%2Fmedia&parent=8882"}],"wp:term":[{"taxonomy":"category","embeddable":true,"href":"https:\/\/gf-sle.de\/index.php?rest_route=%2Fwp%2Fv2%2Fcategories&post=8882"},{"taxonomy":"post_tag","embeddable":true,"href":"https:\/\/gf-sle.de\/index.php?rest_route=%2Fwp%2Fv2%2Ftags&post=8882"}],"curies":[{"name":"wp","href":"https:\/\/api.w.org\/{rel}","templated":true}]}}