{"id":9240,"date":"2025-12-19T09:28:27","date_gmt":"2025-12-19T09:28:27","guid":{"rendered":"https:\/\/gf-sle.de\/?p=9240"},"modified":"2025-12-28T15:24:20","modified_gmt":"2025-12-28T15:24:20","slug":"das-ehemalige-forsthaus-selbach","status":"publish","type":"post","link":"https:\/\/gf-sle.de\/?p=9240","title":{"rendered":"Das ehemalige Forsthaus Selbach"},"content":{"rendered":"<p>Nur noch wenige k\u00f6nnen sich heute daran erinnern, dass im oberen Selbachtal zwischen Olef und Wintzen bis Mitte der 1970er Jahre ein altes Forsthaus gestanden hat \u2013 unter Einheimischen auch \u201eSelbacher Hof\u201c genannt. <!--more-->Eigent\u00fcmer des im Revier Schleiden &#8211; Selbach gelegenen Anwesens war die Arenberg \u2013 Schleiden GmbH. Bis 1975 war das Haus die Dienstwohnung des beim Arenbergischen Forstamt angestellten Forstwartes, der das ca. 950 ha gro\u00dfe Revier \u201eSchleiden-Selbach\u201c zu betreuen hatte. Der letzte hier wohnhafte Forstwart war von 1953 bis 1975 Wolfgang Fehse, Nachfolger von Josef P\u00fctzer, der schon seinen aus Hollerath stammenden Vater in gleicher Funktion abgel\u00f6st hatte.<br \/>\n<a href=\"https:\/\/gf-sle.de\/wp-content\/uploads\/2025\/12\/Bild-1-Gemaelde-des-Forsthauses-Selbach-nicht-signiert-Sammlung-Horst-Fehse-Bearbeitet-Bearbeitet-Bearbeitet.jpg\"><img loading=\"lazy\" decoding=\"async\" class=\"alignright wp-image-9246 size-medium\" src=\"https:\/\/gf-sle.de\/wp-content\/uploads\/2025\/12\/Bild-1-Gemaelde-des-Forsthauses-Selbach-nicht-signiert-Sammlung-Horst-Fehse-Bearbeitet-Bearbeitet-Bearbeitet.jpg\" alt=\"\" width=\"300\" height=\"187\"><\/a><a href=\"https:\/\/gf-sle.de\/wp-content\/uploads\/2025\/12\/Bild-2-Forsthaus-Selbacher-Hof-Slg.-Horst-Fehse.jpg\"><img loading=\"lazy\" decoding=\"async\" class=\"alignright wp-image-9268 size-medium\" src=\"https:\/\/gf-sle.de\/wp-content\/uploads\/2025\/12\/Bild-2-Forsthaus-Selbacher-Hof-Slg.-Horst-Fehse-300x200.jpg\" alt=\"\" width=\"300\" height=\"200\" srcset=\"https:\/\/gf-sle.de\/wp-content\/uploads\/2025\/12\/Bild-2-Forsthaus-Selbacher-Hof-Slg.-Horst-Fehse-300x200.jpg 300w, https:\/\/gf-sle.de\/wp-content\/uploads\/2025\/12\/Bild-2-Forsthaus-Selbacher-Hof-Slg.-Horst-Fehse-1024x683.jpg 1024w, https:\/\/gf-sle.de\/wp-content\/uploads\/2025\/12\/Bild-2-Forsthaus-Selbacher-Hof-Slg.-Horst-Fehse-768x512.jpg 768w, https:\/\/gf-sle.de\/wp-content\/uploads\/2025\/12\/Bild-2-Forsthaus-Selbacher-Hof-Slg.-Horst-Fehse.jpg 1536w\" sizes=\"auto, (max-width: 300px) 100vw, 300px\" \/><\/a><a href=\"https:\/\/gf-sle.de\/wp-content\/uploads\/2025\/12\/Bild-3-Forsthaus-im-Winter-Sammlung-Horst-Fehse.jpg\"><img loading=\"lazy\" decoding=\"async\" class=\"alignright wp-image-9246 size-medium\" src=\"https:\/\/gf-sle.de\/wp-content\/uploads\/2025\/12\/Bild-3-Forsthaus-im-Winter-Sammlung-Horst-Fehse.jpg\" alt=\"\" width=\"300\" height=\"187\"><\/a>Das Revier umfasste die Waldfl\u00e4chen zwischen Schleiden und Kerperscheid, das zusammenh\u00e4ngende Waldgebiet vom H\u00e4hnchen \u00fcber die Broicher H\u00f6he bis Wintzen und Golbach, ferner westlich von Schleiden die Flurbereiche Kammerwald und Hausten. Der gr\u00f6\u00dfte Teil dieser Fl\u00e4chen geh\u00f6rte bis 1773 den Schleidener Grafen von der Marck, bevor deren Herrschaft und Besitzt\u00fcmer infolge Erbfolge und Heirat von Louise Margarethe von der Marck, Tochter des letzten Grafen Ludwig Engelbert von der Marck, und Herzog Karl Raymond an das Herzogtum Arenberg \u00fcberging.&nbsp;&nbsp;<br \/>\n\u00c4hnlich dem Typ Eifeler Fachwerkh\u00e4user war das zweigeschossige mit einem Walmdach gedeckte Bruchsteingeb\u00e4ude ein Wohnstallhaus, aufgeteilt in Herdraum, unterkellerte Stube und Stallungen mit Heuboden. Im Sturz der Kellert\u00fcr war die Jahreszahl 1787 eingraviert, vermutlich das Jahr der Fertigstellung. Gem\u00e4\u00df Recherchen des Landeskonservators in Bonn war das Geb\u00e4ude fr\u00fcher eines der \u00e4ltesten Forsth\u00e4user im Rheinland.<br \/>\nNachdem des Forsthaus 1975 als Dienstgeb\u00e4ude aufgegeben wurde, gingen die Meinungen <a href=\"https:\/\/gf-sle.de\/wp-content\/uploads\/2025\/12\/Bild-4-Der-Kastanienbaum-stand-frueher-im-Innenhof-Foto-A-Kaessbach-2025-scaled.jpg\"><img loading=\"lazy\" decoding=\"async\" class=\"alignleft wp-image-9242\" src=\"https:\/\/gf-sle.de\/wp-content\/uploads\/2025\/12\/Bild-4-Der-Kastanienbaum-stand-frueher-im-Innenhof-Foto-A-Kaessbach-2025-135x300.jpg\" alt=\"\" width=\"150\" height=\"333\" srcset=\"https:\/\/gf-sle.de\/wp-content\/uploads\/2025\/12\/Bild-4-Der-Kastanienbaum-stand-frueher-im-Innenhof-Foto-A-Kaessbach-2025-135x300.jpg 135w, https:\/\/gf-sle.de\/wp-content\/uploads\/2025\/12\/Bild-4-Der-Kastanienbaum-stand-frueher-im-Innenhof-Foto-A-Kaessbach-2025-461x1024.jpg 461w, https:\/\/gf-sle.de\/wp-content\/uploads\/2025\/12\/Bild-4-Der-Kastanienbaum-stand-frueher-im-Innenhof-Foto-A-Kaessbach-2025-768x1707.jpg 768w, https:\/\/gf-sle.de\/wp-content\/uploads\/2025\/12\/Bild-4-Der-Kastanienbaum-stand-frueher-im-Innenhof-Foto-A-Kaessbach-2025-691x1536.jpg 691w, https:\/\/gf-sle.de\/wp-content\/uploads\/2025\/12\/Bild-4-Der-Kastanienbaum-stand-frueher-im-Innenhof-Foto-A-Kaessbach-2025-922x2048.jpg 922w, https:\/\/gf-sle.de\/wp-content\/uploads\/2025\/12\/Bild-4-Der-Kastanienbaum-stand-frueher-im-Innenhof-Foto-A-Kaessbach-2025-scaled.jpg 1152w\" sizes=\"auto, (max-width: 150px) 100vw, 150px\" \/><\/a>\u00fcber eine k\u00fcnftige Nutzung weit auseinander. Die Arenberg-Schleiden GmbH als Eigent\u00fcmerin verwies auf die enorm hohen Renovierungskosten, aber auch auf den nicht minder anfallenden Unterhaltungsaufwand und pl\u00e4dierte aus rein wirtschaftlichen Gr\u00fcnden f\u00fcr einen sofortigen Abriss. Hinzu kam, dass die Arenberger in ihrem Revier Anwohner m\u00f6glichst vermeiden wollten. Vorschl\u00e4ge einer sinnvollen Nutzung von Lokalpolitikern, so z.B. der Umbau in eine Jugendherberge oder ein Erholungsheim, blieben ebenso erfolglos wie die Argumente und Bef\u00fcrwortung des Landeskonservators, das Geb\u00e4ude auf jeden Fall zu erhalten. Eine gesetzliche Grundlage, wonach ein Abriss m\u00f6glicherweise h\u00e4tte verhindert werden k\u00f6nnen, gab es damals noch nicht. Das erste Denkmalschutzgesetz in Nordrhein-Westfalen wurde 1980 erlassen, f\u00fcr das Forsthaus zu sp\u00e4t, da zu diesem Zeitpunkt der Abbruchhammer l\u00e4ngst zugeschlagen hatte.<br \/>\nAn die Lage des fr\u00fcheren Anwesens mit angrenzendem Nutzgarten erinnern heute ein riesiger im Innenhof aufgewachsener Kastanienbaum, ein paar alte Obstb\u00e4ume, Mauerreste der ehemaligen Jauchegrube und ein mit Schilfgras \u00fcberwachsener Sumpf, wo sich einst ein mit Quellwasser bef\u00fcllter kleiner Teich befand. <em>Ein Beitrag von Alfred K\u00e4\u00dfbach.<\/em><br \/>\n<span style=\"font-size: 10pt;\"><em>Bilder: v. oben nach unten: Gem\u00e4lde des Selbacher Hofes (ohne Signatur), Forsthaus Selbach im Fr\u00fchling und im Winter (Fotos Slg. H. Fehse) 2025-Kastanienbaum im ehemaligen Innenhof (Foto A. K\u00e4\u00dfbach)<\/em><\/span><\/p>\n","protected":false},"excerpt":{"rendered":"<p>Nur noch wenige k\u00f6nnen sich heute daran erinnern, dass im oberen Selbachtal zwischen Olef und Wintzen bis Mitte der 1970er Jahre ein altes Forsthaus gestanden hat \u2013 unter Einheimischen auch \u201eSelbacher Hof\u201c genannt.<\/p>\n","protected":false},"author":1,"featured_media":0,"comment_status":"closed","ping_status":"closed","sticky":false,"template":"","format":"standard","meta":{"ngg_post_thumbnail":0,"footnotes":""},"categories":[83],"tags":[],"class_list":["post-9240","post","type-post","status-publish","format-standard","hentry","category-aus-der-bilderkiste"],"_links":{"self":[{"href":"https:\/\/gf-sle.de\/index.php?rest_route=\/wp\/v2\/posts\/9240","targetHints":{"allow":["GET"]}}],"collection":[{"href":"https:\/\/gf-sle.de\/index.php?rest_route=\/wp\/v2\/posts"}],"about":[{"href":"https:\/\/gf-sle.de\/index.php?rest_route=\/wp\/v2\/types\/post"}],"author":[{"embeddable":true,"href":"https:\/\/gf-sle.de\/index.php?rest_route=\/wp\/v2\/users\/1"}],"replies":[{"embeddable":true,"href":"https:\/\/gf-sle.de\/index.php?rest_route=%2Fwp%2Fv2%2Fcomments&post=9240"}],"version-history":[{"count":11,"href":"https:\/\/gf-sle.de\/index.php?rest_route=\/wp\/v2\/posts\/9240\/revisions"}],"predecessor-version":[{"id":9272,"href":"https:\/\/gf-sle.de\/index.php?rest_route=\/wp\/v2\/posts\/9240\/revisions\/9272"}],"wp:attachment":[{"href":"https:\/\/gf-sle.de\/index.php?rest_route=%2Fwp%2Fv2%2Fmedia&parent=9240"}],"wp:term":[{"taxonomy":"category","embeddable":true,"href":"https:\/\/gf-sle.de\/index.php?rest_route=%2Fwp%2Fv2%2Fcategories&post=9240"},{"taxonomy":"post_tag","embeddable":true,"href":"https:\/\/gf-sle.de\/index.php?rest_route=%2Fwp%2Fv2%2Ftags&post=9240"}],"curies":[{"name":"wp","href":"https:\/\/api.w.org\/{rel}","templated":true}]}}